{"id":1,"date":"2023-06-17T03:02:38","date_gmt":"2023-06-17T03:02:38","guid":{"rendered":"https:\/\/quemsomos.marcenariatiradentes.com.br\/?p=1"},"modified":"2023-06-17T22:05:39","modified_gmt":"2023-06-17T22:05:39","slug":"hello-world","status":"publish","type":"post","link":"https:\/\/quemsomos.marcenariatiradentes.com.br\/index.php\/2023\/06\/17\/hello-world\/","title":{"rendered":"M\u00f3veis de Madeira de Demoli\u00e7\u00e3o: Um Padr\u00e3o de Exclusividade e Autenticidade em Decora\u00e7\u00e3o"},"content":{"rendered":"\n<p><strong>Como os m\u00f3veis artesanais de madeira de demoli\u00e7\u00e3o se tornaram sin\u00f4nimo de estilo, qualidade e alto padr\u00e3o<\/strong><\/p>\n\n\n\n<div style=\"height:15px\" aria-hidden=\"true\" class=\"wp-block-spacer\"><\/div>\n\n\n\n<p>No universo dos m\u00f3veis de alto padr\u00e3o, uma tend\u00eancia tem ganhado destaque: os m\u00f3veis artesanais de madeira de demoli\u00e7\u00e3o. Combinando est\u00e9tica \u00fanica e um forte apelo \u00e0 sustentabilidade, essas pe\u00e7as elevam a decora\u00e7\u00e3o de qualquer ambiente.<\/p>\n\n\n\n<div style=\"height:25px\" aria-hidden=\"true\" class=\"wp-block-spacer\"><\/div>\n\n\n\n<h4 class=\"wp-block-heading\"><strong>M\u00f3veis Sustent\u00e1veis: Uma Op\u00e7\u00e3o Ecol\u00f3gica<\/strong><\/h4>\n\n\n\n<div style=\"height:15px\" aria-hidden=\"true\" class=\"wp-block-spacer\"><\/div>\n\n\n\n<p>Os m\u00f3veis artesanais de madeira de demoli\u00e7\u00e3o representam o auge do design sustent\u00e1vel. Resgatados de edifica\u00e7\u00f5es antigas, cada fragmento de madeira reutilizado promove a preserva\u00e7\u00e3o de nossas florestas, reduzindo o desmatamento.<\/p>\n\n\n\n<div style=\"height:25px\" aria-hidden=\"true\" class=\"wp-block-spacer\"><\/div>\n\n\n\n<h4 class=\"wp-block-heading\"><strong>Durabilidade: A Marca de uma Madeira Experiente<\/strong><\/h4>\n\n\n\n<div style=\"height:15px\" aria-hidden=\"true\" class=\"wp-block-spacer\"><\/div>\n\n\n\n<p>Nossos m\u00f3veis de madeira de demoli\u00e7\u00e3o s\u00e3o provenientes de estruturas que resistiram ao teste do tempo, o que confere a cada pe\u00e7a uma durabilidade inigual\u00e1vel. Escolher m\u00f3veis artesanais de madeira de demoli\u00e7\u00e3o \u00e9 investir em qualidade de alto padr\u00e3o.<\/p>\n\n\n\n<div style=\"height:25px\" aria-hidden=\"true\" class=\"wp-block-spacer\"><\/div>\n\n\n\n<h4 class=\"wp-block-heading\"><strong>A Beleza Impressa pelo Tempo<\/strong><\/h4>\n\n\n\n<div style=\"height:15px\" aria-hidden=\"true\" class=\"wp-block-spacer\"><\/div>\n\n\n\n<p>Cada m\u00f3vel artesanal de madeira de demoli\u00e7\u00e3o \u00e9 singular, marcado por texturas e padr\u00f5es \u00fanicos, contando uma hist\u00f3ria particular. Essas nuances r\u00fasticas transformam cada m\u00f3vel de alto padr\u00e3o em uma verdadeira obra de arte.<\/p>\n\n\n\n<div style=\"height:25px\" aria-hidden=\"true\" class=\"wp-block-spacer\"><\/div>\n\n\n\n<h4 class=\"wp-block-heading\"><strong>A Versatilidade dos M\u00f3veis de Madeira de Demoli\u00e7\u00e3o<\/strong><\/h4>\n\n\n\n<div style=\"height:15px\" aria-hidden=\"true\" class=\"wp-block-spacer\"><\/div>\n\n\n\n<p>Al\u00e9m de serem perfeitos para decora\u00e7\u00f5es r\u00fasticas, os m\u00f3veis de alto padr\u00e3o em madeira de demoli\u00e7\u00e3o adicionam um toque de sofistica\u00e7\u00e3o a qualquer estilo de decora\u00e7\u00e3o, desde o moderno e contempor\u00e2neo, at\u00e9 o cl\u00e1ssico.<\/p>\n\n\n\n<div style=\"height:25px\" aria-hidden=\"true\" class=\"wp-block-spacer\"><\/div>\n\n\n\n<h4 class=\"wp-block-heading\"><strong>Exclusividade em Cada Pe\u00e7a<\/strong><\/h4>\n\n\n\n<div style=\"height:15px\" aria-hidden=\"true\" class=\"wp-block-spacer\"><\/div>\n\n\n\n<p>Os m\u00f3veis artesanais de madeira de demoli\u00e7\u00e3o s\u00e3o s\u00edmbolos de autenticidade e exclusividade. As caracter\u00edsticas singulares de cada t\u00e1bua reutilizada garantem que cada pe\u00e7a seja realmente \u00fanica.<\/p>\n\n\n\n<div style=\"height:25px\" aria-hidden=\"true\" class=\"wp-block-spacer\"><\/div>\n\n\n\n<p>Escolher m\u00f3veis artesanais de madeira de demoli\u00e7\u00e3o vai al\u00e9m de uma decis\u00e3o de decora\u00e7\u00e3o: \u00e9 uma afirma\u00e7\u00e3o de estilo. Eles representam a perfeita combina\u00e7\u00e3o de beleza, resist\u00eancia, consci\u00eancia ambiental e exclusividade em um \u00fanico item. \u00c9 trazer a hist\u00f3ria e o charme das pe\u00e7as de alto padr\u00e3o para o seu lar.<\/p>\n\n\n\n<p><\/p>\n","protected":false},"excerpt":{"rendered":"<p>Como os m\u00f3veis artesanais de madeira de demoli\u00e7\u00e3o se tornaram sin\u00f4nimo de estilo, qualidade e alto padr\u00e3o No universo dos m\u00f3veis de alto padr\u00e3o, uma tend\u00eancia tem ganhado destaque: os m\u00f3veis artesanais de madeira de demoli\u00e7\u00e3o. Combinando est\u00e9tica \u00fanica e um forte apelo \u00e0 sustentabilidade, essas pe\u00e7as elevam a decora\u00e7\u00e3o de qualquer ambiente. M\u00f3veis Sustent\u00e1veis: [&hellip;]<\/p>\n","protected":false},"author":1,"featured_media":241,"comment_status":"open","ping_status":"open","sticky":false,"template":"","format":"standard","meta":[],"categories":[1],"tags":[],"_links":{"self":[{"href":"https:\/\/quemsomos.marcenariatiradentes.com.br\/index.php\/wp-json\/wp\/v2\/posts\/1"}],"collection":[{"href":"https:\/\/quemsomos.marcenariatiradentes.com.br\/index.php\/wp-json\/wp\/v2\/posts"}],"about":[{"href":"https:\/\/quemsomos.marcenariatiradentes.com.br\/index.php\/wp-json\/wp\/v2\/types\/post"}],"author":[{"embeddable":true,"href":"https:\/\/quemsomos.marcenariatiradentes.com.br\/index.php\/wp-json\/wp\/v2\/users\/1"}],"replies":[{"embeddable":true,"href":"https:\/\/quemsomos.marcenariatiradentes.com.br\/index.php\/wp-json\/wp\/v2\/comments?post=1"}],"version-history":[{"count":2,"href":"https:\/\/quemsomos.marcenariatiradentes.com.br\/index.php\/wp-json\/wp\/v2\/posts\/1\/revisions"}],"predecessor-version":[{"id":245,"href":"https:\/\/quemsomos.marcenariatiradentes.com.br\/index.php\/wp-json\/wp\/v2\/posts\/1\/revisions\/245"}],"wp:featuredmedia":[{"embeddable":true,"href":"https:\/\/quemsomos.marcenariatiradentes.com.br\/index.php\/wp-json\/wp\/v2\/media\/241"}],"wp:attachment":[{"href":"https:\/\/quemsomos.marcenariatiradentes.com.br\/index.php\/wp-json\/wp\/v2\/media?parent=1"}],"wp:term":[{"taxonomy":"category","embeddable":true,"href":"https:\/\/quemsomos.marcenariatiradentes.com.br\/index.php\/wp-json\/wp\/v2\/categories?post=1"},{"taxonomy":"post_tag","embeddable":true,"href":"https:\/\/quemsomos.marcenariatiradentes.com.br\/index.php\/wp-json\/wp\/v2\/tags?post=1"}],"curies":[{"name":"wp","href":"https:\/\/api.w.org\/{rel}","templated":true}]}}